{"id":1655,"date":"2012-02-29T18:56:49","date_gmt":"2012-02-29T17:56:49","guid":{"rendered":"http:\/\/nillans.com\/?p=1655"},"modified":"2012-02-29T18:56:49","modified_gmt":"2012-02-29T17:56:49","slug":"%e2%99%ab-skona-maaa","status":"publish","type":"post","link":"https:\/\/nillans.com\/?p=1655","title":{"rendered":"\u266b Sk\u00f6na Maaa&#8230;."},"content":{"rendered":"<p>&#8230;rs v\u00e4lkommen till v\u00e5r bygd igen!! \u266a \u266a<\/p>\n<div id=\"attachment_1656\" style=\"width: 310px\" class=\"wp-caption alignnone\"><a href=\"http:\/\/nillans.com\/wp-content\/uploads\/2012\/02\/CameraZOOM-20120229113239978.jpeg\"><img loading=\"lazy\" decoding=\"async\" aria-describedby=\"caption-attachment-1656\" class=\"size-medium wp-image-1656\" title=\"Flamma stolt mot dunkla skyar...\" src=\"http:\/\/nillans.com\/wp-content\/uploads\/2012\/02\/CameraZOOM-20120229113239978-300x225.jpg\" alt=\"\" width=\"300\" height=\"225\" \/><\/a><p id=\"caption-attachment-1656\" class=\"wp-caption-text\">Flamma stolt mot dunkla skyar...<\/p><\/div>\n<p>Efter reporterbes\u00f6k och fika satte vi ig\u00e5ng med projekt r\u00f6ja norrsidan. Vi trodde det skulle vara sv\u00e5rare att f\u00e5 fyr men f\u00f6r en g\u00e5ngs skull var jag visst sl\u00e4kt med den gamle eldaren ;) Vi var j\u00e4\u00e4\u00e4\u00e4tteduktiga i b\u00f6rjan och klippte\/br\u00f6t alla grenar sm\u00e5tt, f\u00f6r att h\u00e5lla en begr\u00e4nsad eld. Jag beh\u00f6ver nog inte f\u00f6rklara n\u00e4rmare att efter 1,5 timme s\u00e5 var grenarna i stort sett i sin fulla l\u00e4ngd n\u00e4r vi sl\u00e4ngde upp dem p\u00e5 b\u00e5let.<\/p>\n<div id=\"attachment_1657\" style=\"width: 310px\" class=\"wp-caption alignnone\"><a href=\"http:\/\/nillans.com\/wp-content\/uploads\/2012\/02\/CameraZOOM-20120229151421013.jpeg\"><img loading=\"lazy\" decoding=\"async\" aria-describedby=\"caption-attachment-1657\" class=\"size-medium wp-image-1657\" title=\"Elden falnar\" src=\"http:\/\/nillans.com\/wp-content\/uploads\/2012\/02\/CameraZOOM-20120229151421013-300x225.jpg\" alt=\"\" width=\"300\" height=\"225\" \/><\/a><p id=\"caption-attachment-1657\" class=\"wp-caption-text\">Elden falnar<\/p><\/div>\n<p>Ungef\u00e4r fyra timmar senare \u00e4r norrsidan (n\u00e4stan) fri fr\u00e5n l\u00f6v, grenar och annat skit!! Det vi har eldat \u00e4r riset fr\u00e5n tr\u00e4det (till h\u00f6ger i bilden) som grannen hj\u00e4lpte oss att tukta i fjol sensommar. Tr\u00e4det var gigantiskt! Grenarna h\u00e4ngde l\u00e5ngt ut p\u00e5 gr\u00e4smattan, n\u00e4stan hela v\u00e4gen till staketet (som \u00e4r precis utanf\u00f6r bild) till v\u00e4nster. All mark i bilden var fyllt av ris&#8230;usch&#8230;<\/p>\n<p>Det gjorde ONT i hela kroppen men vi k\u00e4mpade p\u00e5. Tog en kaffe och n\u00e5gra mackor vid elden, fortsatte sl\u00e4nga p\u00e5 ris, kroppen skrek. N\u00e4r jag b\u00f6rjade s\u00e5ga ner d\u00f6da grenar fr\u00e5n \u00e4ppeltr\u00e4det skrek maken ;) Neeeej, inte mer pinnar och skit! Jag orkar inte elda mer! S\u00e5 jag fick ge upp. Det \u00e4r ju det d\u00e4r med att avbryta uppgifter\/projekt, hmm&#8230; I morgon kommer jag nog inte ta mig ur s\u00e4ngen men det \u00e4r jag beredd p\u00e5 och f\u00e5r m\u00f6ta upp med lite piller (bl\u00e4) och ta det lugnt i morgon. Jag kan iaf g\u00e5 ut och njuta av en fiiiin tr\u00e4dg\u00e5rd (eller en halv iaf&#8230;s\u00f6dersidan \u00e4r kvar&#8230;)<\/p>\n<div id=\"attachment_1658\" style=\"width: 650px\" class=\"wp-caption alignnone\"><a href=\"http:\/\/nillans.com\/wp-content\/uploads\/2012\/02\/CameraZOOM-20120229180718195.jpeg\"><img loading=\"lazy\" decoding=\"async\" aria-describedby=\"caption-attachment-1658\" class=\"size-large wp-image-1658\" title=\"Hypnotisk gl\u00f6d\" src=\"http:\/\/nillans.com\/wp-content\/uploads\/2012\/02\/CameraZOOM-20120229180718195-1024x768.jpg\" alt=\"\" width=\"640\" height=\"480\" \/><\/a><p id=\"caption-attachment-1658\" class=\"wp-caption-text\">Hypnotisk gl\u00f6d<\/p><\/div>\n","protected":false},"excerpt":{"rendered":"<p>&#8230;rs v\u00e4lkommen till v\u00e5r bygd igen!! \u266a \u266a Efter reporterbes\u00f6k och fika satte vi ig\u00e5ng med projekt r\u00f6ja norrsidan. Vi trodde det skulle vara sv\u00e5rare att f\u00e5 fyr men f\u00f6r en g\u00e5ngs skull var jag visst sl\u00e4kt med den gamle &hellip; <a href=\"https:\/\/nillans.com\/?p=1655\">Forts\u00e4tt l\u00e4sa <span class=\"meta-nav\">&rarr;<\/span><\/a><\/p>\n","protected":false},"author":1,"featured_media":0,"comment_status":"open","ping_status":"closed","sticky":false,"template":"","format":"standard","meta":{"footnotes":""},"categories":[16,26,34],"tags":[],"class_list":["post-1655","post","type-post","status-publish","format-standard","hentry","category-gladje","category-livet","category-natur"],"_links":{"self":[{"href":"https:\/\/nillans.com\/index.php?rest_route=\/wp\/v2\/posts\/1655","targetHints":{"allow":["GET"]}}],"collection":[{"href":"https:\/\/nillans.com\/index.php?rest_route=\/wp\/v2\/posts"}],"about":[{"href":"https:\/\/nillans.com\/index.php?rest_route=\/wp\/v2\/types\/post"}],"author":[{"embeddable":true,"href":"https:\/\/nillans.com\/index.php?rest_route=\/wp\/v2\/users\/1"}],"replies":[{"embeddable":true,"href":"https:\/\/nillans.com\/index.php?rest_route=%2Fwp%2Fv2%2Fcomments&post=1655"}],"version-history":[{"count":0,"href":"https:\/\/nillans.com\/index.php?rest_route=\/wp\/v2\/posts\/1655\/revisions"}],"wp:attachment":[{"href":"https:\/\/nillans.com\/index.php?rest_route=%2Fwp%2Fv2%2Fmedia&parent=1655"}],"wp:term":[{"taxonomy":"category","embeddable":true,"href":"https:\/\/nillans.com\/index.php?rest_route=%2Fwp%2Fv2%2Fcategories&post=1655"},{"taxonomy":"post_tag","embeddable":true,"href":"https:\/\/nillans.com\/index.php?rest_route=%2Fwp%2Fv2%2Ftags&post=1655"}],"curies":[{"name":"wp","href":"https:\/\/api.w.org\/{rel}","templated":true}]}}