{"id":1519,"date":"2012-01-20T22:30:46","date_gmt":"2012-01-20T21:30:46","guid":{"rendered":"http:\/\/nillans.com\/?p=1519"},"modified":"2012-01-20T22:30:46","modified_gmt":"2012-01-20T21:30:46","slug":"the-stig-helmer-story","status":"publish","type":"post","link":"https:\/\/nillans.com\/?p=1519","title":{"rendered":"The Stig-Helmer story"},"content":{"rendered":"<p>Jag har inte riktigt vant mig vid att sv\u00e4rmor pratar med mig. Det k\u00e4nns konstigt p\u00e5 n\u00e5got vis efter \u00e5tta \u00e5rs tystnad.<br \/>\nI g\u00e5r var vi p\u00e5 bio tillsammans, vem hade kunnat tro det?<br \/>\nDet var halt som sjutton och jag gjorde en liten isdans i Nym\u00f6 p\u00e5 v\u00e4g in till stan. Parkerade p\u00e5 s\u00f6der och sen gick vi bort till Kosmorama (7 min promenad). Det m\u00e4rks att man inte springer p\u00e5 bio s\u00e5 ofta ;) Det tog lite tid med biljettomaten f\u00f6r den scannade bara min ena fribiljett s\u00e5 den andra fick jag mata in manuellt. Sv\u00e4rmor tycker inte om popcorn och jag ville inte ha en hel sj\u00e4lv. K\u00f6pte p\u00e4ronmer och bilar, det fick r\u00e4cka.<\/p>\n<p>Sv\u00e4rmor ville sitta l\u00e4ngst upp och d\u00e4r var det par-s\u00e4ten. Nu blev det tokigt vid bokningen p\u00e5 ngt s\u00e4tt s\u00e5 vi hamnade i par med ok\u00e4nda. Spelar ju eg ingen roll men paret till v\u00e4nster om mig hade nog velat sitta n\u00e4ra varandra och mysa ist\u00e4llet f\u00f6r att sitta med ok\u00e4nda och dessutom f\u00e5 h\u00e4nga \u00f6ver ett armst\u00f6d.<\/p>\n<p>S\u00e5 b\u00f6rjade \u00e4ntligen filmen om Stig-Helmer. Han f\u00e5r bannor p\u00e5 \u00e5ldringsboendet f\u00f6r att han leker med t\u00e5gen f\u00f6r sent p\u00e5 kv\u00e4llen *hahaha* Han k\u00f6r med g\u00e5stavar f\u00f6r dr har sagt att det hj\u00e4lper blodcirkulationen. Via minnet fr\u00e5n f\u00f6rsta loket han fick av morbror Julle g\u00e5r filmens tr\u00e5d att hitta f\u00f6rsta k\u00e4rleken Annika.<\/p>\n<p>Jag inser att det var bra att jag h\u00f6rt\u00a0recensionerna\u00a0innan jag tog dit Fj\u00e4rilen. Hon hade inte uppskattat filmen. Det var m\u00e5nga ungdomar som sprang ut och in eller bara f\u00f6rsvann. Andra satt och lekte med sina mobiler i v\u00e4ntan p\u00e5 att filmen skulle ta slut. Man m\u00e5ste ha en viss kunskap\/erfarenhet av 40- och 50-talet f\u00f6r att se all humor. Det drog nostalgi \u00f6ver mig n\u00e4r man fick se gamla tv-apparater som liknade den vi hade n\u00e4r jag var liten. Det var en radio som jag k\u00e4nde igen men kan tyv\u00e4rr inte avg\u00f6ra om det var den farmor och farfar hade eller den mor och far hade alt den som stod h\u00e4r p\u00e5 Land\u00f6n n\u00e4r jag flyttade hit. Lite synd att jag inte minns men jag kommer ih\u00e5g hur man st\u00e4llde in den ;)<\/p>\n<p><strong>Ida H\u00f6gberg<\/strong> som spelar <strong>Annika<\/strong> har en h\u00e4rlig och klar st\u00e4mma. Hon var med i Mamma Mia-upps\u00e4ttningen och det f\u00f6rst\u00e5r jag med den underbara r\u00f6st hon besitter.<br \/>\n<strong>Jonas Bane<\/strong>\u00a0som spelade <strong>Biffen<\/strong>\u00a0k\u00e4nner jag ocks\u00e5 igen men kan inte placera. Han var tydligen med i Andra Avenyn men den serien s\u00e5g jag inte s\u00e5 det kan inte vara d\u00e4rifr\u00e5n.<br \/>\n<strong>Tove Edfeldt<\/strong>\u00a0som spelar Stig-Helmers kusin <strong>Hj\u00f6rdis<\/strong>\u00a0var otroligt h\u00e4rlig. Jag gillade hela hennes roll och s\u00e4tt att agera. Jag blev glad och rycktes med.<\/p>\n<p>F\u00f6r att ha gl\u00e4dje av filmen beh\u00f6ver man inte ha sett n\u00e5gon av s\u00e4llskapsresorna. <em>(Den enda kopplingen med de filmerna var v\u00e4l egentligen att Ole \u00e4r teknikn\u00f6rd och Stig-Helmer sitter kvar i det gamla.)<\/em> Men man beh\u00f6ver kunna en del om hur det &#8221;var d\u00e5&#8221;. Respekten f\u00f6r f\u00f6r\u00e4ldrarna som inte finns idag tex.<br \/>\nVi hade kul och gillade filmen. Minns du 50-talet? \u00c4r du intresserad av 40- och 50-talet? Se filmen! Jag kommer k\u00f6pa den n\u00e4r den kommer ut p\u00e5 dvd iaf. :)<\/p>\n","protected":false},"excerpt":{"rendered":"<p>Jag har inte riktigt vant mig vid att sv\u00e4rmor pratar med mig. Det k\u00e4nns konstigt p\u00e5 n\u00e5got vis efter \u00e5tta \u00e5rs tystnad. I g\u00e5r var vi p\u00e5 bio tillsammans, vem hade kunnat tro det? Det var halt som sjutton och &hellip; <a href=\"https:\/\/nillans.com\/?p=1519\">Forts\u00e4tt l\u00e4sa <span class=\"meta-nav\">&rarr;<\/span><\/a><\/p>\n","protected":false},"author":1,"featured_media":0,"comment_status":"open","ping_status":"closed","sticky":false,"template":"","format":"standard","meta":{"footnotes":""},"categories":[25,26],"tags":[],"class_list":["post-1519","post","type-post","status-publish","format-standard","hentry","category-lite-pa-skoj","category-livet"],"_links":{"self":[{"href":"https:\/\/nillans.com\/index.php?rest_route=\/wp\/v2\/posts\/1519","targetHints":{"allow":["GET"]}}],"collection":[{"href":"https:\/\/nillans.com\/index.php?rest_route=\/wp\/v2\/posts"}],"about":[{"href":"https:\/\/nillans.com\/index.php?rest_route=\/wp\/v2\/types\/post"}],"author":[{"embeddable":true,"href":"https:\/\/nillans.com\/index.php?rest_route=\/wp\/v2\/users\/1"}],"replies":[{"embeddable":true,"href":"https:\/\/nillans.com\/index.php?rest_route=%2Fwp%2Fv2%2Fcomments&post=1519"}],"version-history":[{"count":0,"href":"https:\/\/nillans.com\/index.php?rest_route=\/wp\/v2\/posts\/1519\/revisions"}],"wp:attachment":[{"href":"https:\/\/nillans.com\/index.php?rest_route=%2Fwp%2Fv2%2Fmedia&parent=1519"}],"wp:term":[{"taxonomy":"category","embeddable":true,"href":"https:\/\/nillans.com\/index.php?rest_route=%2Fwp%2Fv2%2Fcategories&post=1519"},{"taxonomy":"post_tag","embeddable":true,"href":"https:\/\/nillans.com\/index.php?rest_route=%2Fwp%2Fv2%2Ftags&post=1519"}],"curies":[{"name":"wp","href":"https:\/\/api.w.org\/{rel}","templated":true}]}}