{"id":1319,"date":"2011-12-12T21:59:55","date_gmt":"2011-12-12T20:59:55","guid":{"rendered":"http:\/\/nillans.com\/?p=1319"},"modified":"2011-12-12T21:59:55","modified_gmt":"2011-12-12T20:59:55","slug":"mot-ljusare-tider","status":"publish","type":"post","link":"https:\/\/nillans.com\/?p=1319","title":{"rendered":"Mot ljusare tider"},"content":{"rendered":"<p><img decoding=\"async\"  alt=\"image\" src=\"http:\/\/nillans.com\/wp-content\/uploads\/2011\/12\/wpid-1323677699116.jpg\" \/><\/p>\n<p>Mmm trots att det ca tio dagar till vintersolst\u00e5ndet s\u00e5 g\u00e5r jag redan mot ljusare tider.<br \/>\nIdag har min egen hustomte, aka far, varit h\u00e4r och pysslat. Lamporna \u00e4r uppsatta, dimmern installerad, f\u00f6nsterbr\u00e4dan p\u00e5 plats, kyl och frys kom fram f\u00f6r sanering och s\u00e5 har han fixat lite resterande eljobb. Jag \u00e4r s\u00e5 tacksam f\u00f6r att just han \u00e4r min far!<br \/>\nTyv\u00e4rr blir dimmern v\u00e4ldigt varm s\u00e5 i morgon ska k\u00e4rleken g\u00e5 in p\u00e5 elpoolen och fr\u00e5ga om r\u00e5d alt k\u00f6pa en kraftigare dimmer. Enl en snabb googling hittade jag att det inte \u00e4r ovanligt att de blir varma. Men jag tycker inte om n\u00e4r elsaker blir varma n\u00e4r det inte ska vara varmt! S\u00e5 nu f\u00e5r jag v\u00e4nta p\u00e5 svar innan jag v\u00e5gar t\u00e4nda.<\/p>\n<p>Om n\u00e5gon skulle ha missat det s\u00e5 \u00e4\u00e4\u00e4\u00e4\u00e4lskar jag mitt k\u00f6k!!! :-D <\/p>\n","protected":false},"excerpt":{"rendered":"<p>Mmm trots att det ca tio dagar till vintersolst\u00e5ndet s\u00e5 g\u00e5r jag redan mot ljusare tider. Idag har min egen hustomte, aka far, varit h\u00e4r och pysslat. Lamporna \u00e4r uppsatta, dimmern installerad, f\u00f6nsterbr\u00e4dan p\u00e5 plats, kyl och frys kom fram &hellip; <a href=\"https:\/\/nillans.com\/?p=1319\">Forts\u00e4tt l\u00e4sa <span class=\"meta-nav\">&rarr;<\/span><\/a><\/p>\n","protected":false},"author":1,"featured_media":0,"comment_status":"open","ping_status":"closed","sticky":false,"template":"","format":"standard","meta":{"footnotes":""},"categories":[16,26,31,37],"tags":[],"class_list":["post-1319","post","type-post","status-publish","format-standard","hentry","category-gladje","category-livet","category-motvalls","category-renovering"],"_links":{"self":[{"href":"https:\/\/nillans.com\/index.php?rest_route=\/wp\/v2\/posts\/1319","targetHints":{"allow":["GET"]}}],"collection":[{"href":"https:\/\/nillans.com\/index.php?rest_route=\/wp\/v2\/posts"}],"about":[{"href":"https:\/\/nillans.com\/index.php?rest_route=\/wp\/v2\/types\/post"}],"author":[{"embeddable":true,"href":"https:\/\/nillans.com\/index.php?rest_route=\/wp\/v2\/users\/1"}],"replies":[{"embeddable":true,"href":"https:\/\/nillans.com\/index.php?rest_route=%2Fwp%2Fv2%2Fcomments&post=1319"}],"version-history":[{"count":0,"href":"https:\/\/nillans.com\/index.php?rest_route=\/wp\/v2\/posts\/1319\/revisions"}],"wp:attachment":[{"href":"https:\/\/nillans.com\/index.php?rest_route=%2Fwp%2Fv2%2Fmedia&parent=1319"}],"wp:term":[{"taxonomy":"category","embeddable":true,"href":"https:\/\/nillans.com\/index.php?rest_route=%2Fwp%2Fv2%2Fcategories&post=1319"},{"taxonomy":"post_tag","embeddable":true,"href":"https:\/\/nillans.com\/index.php?rest_route=%2Fwp%2Fv2%2Ftags&post=1319"}],"curies":[{"name":"wp","href":"https:\/\/api.w.org\/{rel}","templated":true}]}}