{"id":1294,"date":"2011-12-07T19:52:36","date_gmt":"2011-12-07T18:52:36","guid":{"rendered":"http:\/\/nillans.com\/?p=1294"},"modified":"2011-12-07T19:52:36","modified_gmt":"2011-12-07T18:52:36","slug":"koket-del-10","status":"publish","type":"post","link":"https:\/\/nillans.com\/?p=1294","title":{"rendered":"K\u00f6ket &#8211; del&#8230;10?"},"content":{"rendered":"<p>Idag har det varit &#8221;julafton&#8221;. Dock brukar inte lukta s\u00e5 h\u00e4r&#8230;<\/p>\n<p>Far kom och tog en st\u00e5ende kopp kaffe. Vi satte ihop byggst\u00e4llningen och taknocken fick en omg\u00e5ng av dammsugaren.<\/p>\n<div id=\"attachment_1295\" style=\"width: 650px\" class=\"wp-caption alignnone\"><a href=\"http:\/\/nillans.com\/wp-content\/uploads\/2011\/12\/20111207_082419-e1323282504451.jpg\"><img loading=\"lazy\" decoding=\"async\" aria-describedby=\"caption-attachment-1295\" class=\"size-large wp-image-1295\" title=\"Nu k\u00f6r vi!!\" src=\"http:\/\/nillans.com\/wp-content\/uploads\/2011\/12\/20111207_082419-e1323282504451-768x1024.jpg\" alt=\"\" width=\"640\" height=\"853\" \/><\/a><p id=\"caption-attachment-1295\" class=\"wp-caption-text\">Nu k\u00f6r vi!!<\/p><\/div>\n<p>Sen \u00f6ppnade han den d\u00e4r hinken som st\u00e5tt \u00f6ppen i sex timmar och sl\u00e4ppt ut sina \u00e5ngor.<\/p>\n<div id=\"attachment_1296\" style=\"width: 650px\" class=\"wp-caption alignnone\"><a href=\"http:\/\/nillans.com\/wp-content\/uploads\/2011\/12\/20111207_085410.jpg.jpeg\"><img loading=\"lazy\" decoding=\"async\" aria-describedby=\"caption-attachment-1296\" class=\"size-large wp-image-1296\" title=\"And up we...he goes...\" src=\"http:\/\/nillans.com\/wp-content\/uploads\/2011\/12\/20111207_085410.jpg-e1323282728355-768x1024.jpg\" alt=\"\" width=\"640\" height=\"853\" \/><\/a><p id=\"caption-attachment-1296\" class=\"wp-caption-text\">And up we...he goes...<\/p><\/div>\n<p>Lampan till h\u00f6ger om far br\u00e5kade. Den ville inte lossna fr\u00e5n v\u00e4ggen. Det blev lite som &#8221;far jag f\u00e5r inte upp min kokosn\u00f6t&#8221; fast det var far som inte fick bort lampan ;) Han provade med mejsel, en annan mejsel, en tredje mejsel, en avbitare och till slut fick skruvdragaren med borr i nosen bek\u00e4mpa den dumma h\u00e5llaren. Far och skruvdragaren vann :)<\/p>\n<div id=\"attachment_1297\" style=\"width: 650px\" class=\"wp-caption alignnone\"><a href=\"http:\/\/nillans.com\/wp-content\/uploads\/2011\/12\/20111207_102510.jpg.jpeg\"><img loading=\"lazy\" decoding=\"async\" aria-describedby=\"caption-attachment-1297\" class=\"size-large wp-image-1297\" title=\"Jag ska m\u00e5la hela taket lilla Anna...\" src=\"http:\/\/nillans.com\/wp-content\/uploads\/2011\/12\/20111207_102510.jpg-e1323282937132-768x1024.jpg\" alt=\"\" width=\"640\" height=\"853\" \/><\/a><p id=\"caption-attachment-1297\" class=\"wp-caption-text\">Jag ska m\u00e5la hela taket lilla Anna...<\/p><\/div>\n<p>Inte beh\u00f6ver jag p\u00e5peka hur r\u00e4dd jag var att far skulle trilla ner? Han st\u00e5r p\u00e5 en gammal garderobssida f\u00f6r sv\u00e4rfar v\u00e4grar sl\u00e4ppa taget om den sista delen till st\u00e4llningen, dvs den skivan man st\u00e5r p\u00e5.<\/p>\n<div id=\"attachment_1298\" style=\"width: 650px\" class=\"wp-caption alignnone\"><a href=\"http:\/\/nillans.com\/wp-content\/uploads\/2011\/12\/20111207_123029.jpg.jpeg\"><img loading=\"lazy\" decoding=\"async\" aria-describedby=\"caption-attachment-1298\" class=\"size-large wp-image-1298\" title=\"12.30 och h\u00e4lften \u00e4r gjort...n\u00e4stan.\" src=\"http:\/\/nillans.com\/wp-content\/uploads\/2011\/12\/20111207_123029.jpg-1024x768.jpg\" alt=\"\" width=\"640\" height=\"480\" \/><\/a><p id=\"caption-attachment-1298\" class=\"wp-caption-text\">12.30 och h\u00e4lften \u00e4r gjort...n\u00e4stan.<\/p><\/div>\n<p>Eftersom jag inte kan g\u00f6ra ett skit f\u00f6r att hj\u00e4lpa far tar jag ut min frustration och energi p\u00e5 badrummet som beh\u00f6ver totalsaneras (och f\u00e5 rena gardiner mm). S\u00e5 de renaste f\u00f6nsterna hos oss just nu \u00e4r p\u00e5 toa\u00a0 8-)<\/p>\n<div id=\"attachment_1299\" style=\"width: 650px\" class=\"wp-caption alignnone\"><a href=\"http:\/\/nillans.com\/wp-content\/uploads\/2011\/12\/20111207_151053.jpg.jpeg\"><img loading=\"lazy\" decoding=\"async\" aria-describedby=\"caption-attachment-1299\" class=\"size-large wp-image-1299\" title=\"Tada!! Grundningen klar!!\" src=\"http:\/\/nillans.com\/wp-content\/uploads\/2011\/12\/20111207_151053.jpg-e1323283308757-768x1024.jpg\" alt=\"\" width=\"640\" height=\"853\" \/><\/a><p id=\"caption-attachment-1299\" class=\"wp-caption-text\">15.15 Tada!! Grundningen klar!!<\/p><\/div>\n<p>\u00c5ngorna har nog p\u00e5verkat mig MKT. N\u00e4r vi tar en kopp kaffe innan far ska hem sl\u00e5r det runt. Jag vill ha hj\u00e4lp att besluta om jag ska ha en ramp lampor p\u00e5 var sida eller om vi ska k\u00f6pa ngt helt annat. Dimmer var helt klart att jag f\u00e5r oavsett vad jag ska ha f\u00f6r belysning. Far sl\u00e4nger ur sig att det hade varit snyggt om jag m\u00e5lade en gr\u00f6n ranka p\u00e5 stolpen. Anna s\u00e5 h\u00f6gt upp??? Naaaj! Sen gick det \u00f6ver till att Alfred (min 17 m\u00e5n systerson) hade inte haft n\u00e5gra bekymmer med att kl\u00e4ttra upp d\u00e4r, det hade bara sagt &#8221;fniss&#8221; s\u00e5 hade han varit d\u00e4r.<\/p>\n<p>S\u00e5 jag gick och la mig men vaknade till samma hemska m\u00e5larf\u00e4rgslukt i hela huset. Kommer nog ta ngr dagar att f\u00e5 bort det. Tack och lov har vi inga f\u00e5glar inne och hundarna \u00e4r mer ute \u00e4n inne (och l\u00e4ngst ifr\u00e5n den skarpaste lukten).<br \/>\nVi har ju varit tvungna att ta en oljebaserad grundf\u00e4rg eftersom taket \u00e4r r\u00e5spont som \u00e4r brunbetsat. Hade vi tagit en vattenbaserad grundf\u00e4rg hade det slagit genom och hela taket hade blivit brunmelerat. S\u00e5 klart hade det varit vettigare att m\u00e5la med denna f\u00e4rg en H\u00d6STdag n\u00e4r det g\u00e5r att ha \u00f6ppet och inte en gr\u00e5 vinterdag n\u00e4r det bara \u00e4r tre plusgrader ute. Jag f\u00e5r v\u00e4l v\u00e4dra lite i omg\u00e5ngar.<\/p>\n<p>Jag har ett LJUSARE tak och jag njuter!! Inte kunde jag tro f\u00f6rra vintern n\u00e4r jag m\u00e5dde som allra s\u00e4mst att jag skulle &#8221;f\u00e5&#8221; en dr\u00f6m genomf\u00f6rd.<br \/>\nTack far som hj\u00e4lper mig genomf\u00f6ra det och tack min k\u00e4re make som inte protesterar \u00e4ven om barndomens sommarstuga har blivit HELT f\u00f6r\u00e4ndrad.<\/p>\n","protected":false},"excerpt":{"rendered":"<p>Idag har det varit &#8221;julafton&#8221;. Dock brukar inte lukta s\u00e5 h\u00e4r&#8230; Far kom och tog en st\u00e5ende kopp kaffe. Vi satte ihop byggst\u00e4llningen och taknocken fick en omg\u00e5ng av dammsugaren. Sen \u00f6ppnade han den d\u00e4r hinken som st\u00e5tt \u00f6ppen i &hellip; <a href=\"https:\/\/nillans.com\/?p=1294\">Forts\u00e4tt l\u00e4sa <span class=\"meta-nav\">&rarr;<\/span><\/a><\/p>\n","protected":false},"author":1,"featured_media":0,"comment_status":"open","ping_status":"closed","sticky":false,"template":"","format":"standard","meta":{"footnotes":""},"categories":[16,37],"tags":[52,63,90,103],"class_list":["post-1294","post","type-post","status-publish","format-standard","hentry","category-gladje","category-renovering","tag-angor","tag-farg","tag-ljust","tag-tacksam"],"_links":{"self":[{"href":"https:\/\/nillans.com\/index.php?rest_route=\/wp\/v2\/posts\/1294","targetHints":{"allow":["GET"]}}],"collection":[{"href":"https:\/\/nillans.com\/index.php?rest_route=\/wp\/v2\/posts"}],"about":[{"href":"https:\/\/nillans.com\/index.php?rest_route=\/wp\/v2\/types\/post"}],"author":[{"embeddable":true,"href":"https:\/\/nillans.com\/index.php?rest_route=\/wp\/v2\/users\/1"}],"replies":[{"embeddable":true,"href":"https:\/\/nillans.com\/index.php?rest_route=%2Fwp%2Fv2%2Fcomments&post=1294"}],"version-history":[{"count":0,"href":"https:\/\/nillans.com\/index.php?rest_route=\/wp\/v2\/posts\/1294\/revisions"}],"wp:attachment":[{"href":"https:\/\/nillans.com\/index.php?rest_route=%2Fwp%2Fv2%2Fmedia&parent=1294"}],"wp:term":[{"taxonomy":"category","embeddable":true,"href":"https:\/\/nillans.com\/index.php?rest_route=%2Fwp%2Fv2%2Fcategories&post=1294"},{"taxonomy":"post_tag","embeddable":true,"href":"https:\/\/nillans.com\/index.php?rest_route=%2Fwp%2Fv2%2Ftags&post=1294"}],"curies":[{"name":"wp","href":"https:\/\/api.w.org\/{rel}","templated":true}]}}